{"id":8935,"date":"2025-05-04T20:11:30","date_gmt":"2025-05-04T23:11:30","guid":{"rendered":"https:\/\/educaremt.com.br\/web\/recursos-humanos-periodicos-copy\/"},"modified":"2025-05-04T20:12:27","modified_gmt":"2025-05-04T23:12:27","slug":"cst-em-marketing-periodicos","status":"publish","type":"post","link":"https:\/\/educaremt.com.br\/web\/cst-em-marketing-periodicos\/","title":{"rendered":"CST em Marketing Peri\u00f3dicos"},"content":{"rendered":"\t\t<div data-elementor-type=\"wp-post\" data-elementor-id=\"8935\" class=\"elementor elementor-8935\" data-elementor-post-type=\"post\">\n\t\t\t\t<div class=\"elementor-element elementor-element-934c265 e-flex e-con-boxed e-con e-parent\" data-id=\"934c265\" data-element_type=\"container\">\n\t\t\t\t\t<div class=\"e-con-inner\">\n\t\t\r\n\r\n\t\t<div class=\"elementor-element elementor-element-28c3c21 elementor-widget elementor-widget-text-editor\" data-id=\"28c3c21\" data-element_type=\"widget\" data-widget_type=\"text-editor.default\">\n\t\t\t\t\t\t\t\t\t<ul><li>\u00a0<a href=\"http:\/\/www.revistabrasileiramarketing.org\/ojs-2.2.4\/index.php\/remark\">Revista Brasileira de Marketing<\/a><\/li><li>\u00a0<a href=\"http:\/\/www.revistapmkt.com.br\/pt-br\/atual.aspx\">Revista Brasileira de Pesquisas de Marketing, Opini\u00e3o e M\u00eddia<\/a><\/li><li>\u00a0<a href=\"https:\/\/www.cadernomarketingunimep.com.br\/ojs\/index.php\/cadprofmkt\/index\">Caderno Profissional de Marketing<\/a><\/li><li>\u00a0<a href=\"http:\/\/periodicos.uem.br\/ojs\/index.php\/rimar\">Revista Interdisciplinar de Marketing<\/a><\/li><li>\u00a0<a href=\"http:\/\/revistacmc.espm.br\/index.php\/revistacmc\/issue\/view\/55\">Comunica\u00e7\u00e3o, M\u00eddia e Consumo<\/a><\/li><li>\u00a0<a href=\"http:\/\/www.e-compos.org.br\/e-compos\/issue\/view\/65\">E-COMP\u00d3S<\/a><\/li><li>\u00a0<a href=\"http:\/\/revistaseletronicas.pucrs.br\/ojs\/index.php\/revistafamecos\/index\">FAMECOS \u2013 M\u00eddia, Cultura e Tecnologia<\/a><\/li><li>\u00a0<a href=\"http:\/\/www.portalintercom.org.br\/\">Revista Brasileira de Ci\u00eancias da Comunica\u00e7\u00e3o<\/a><\/li><li>\u00a0<a href=\"http:\/\/seer.uscs.edu.br\/index.php\/revista_comunicacao_inovacao\">Comunica\u00e7\u00e3o e Inova\u00e7\u00e3o<\/a><\/li><li>\u00a0<a href=\"http:\/\/www.scielo.br\/scielo.php?script=sci_serial&amp;pid=1414-8145&amp;lng=pt&amp;nrm=iso\">Escola Anna Nery<\/a><\/li><li><a href=\"http:\/\/www.portcom.intercom.org.br\/revistas\/index.php\/inovcom\/issue\/view\/142\">Revista Brasileira de Inova\u00e7\u00e3o Cient\u00edfica em Comunica\u00e7\u00e3o<\/a><\/li><li>\u00a0<a href=\"http:\/\/journals.lww.com\/advancesinnursingscience\/pages\/default.aspx\">Advances in Nursing Science<\/a><\/li><li>\u00a0<a href=\"http:\/\/revistas.unisinos.br\/index.php\/fronteiras\/index\">Revista Fronteira<\/a><\/li><li>\u00a0<a href=\"https:\/\/rac.anpad.org.br\/index.php\/rac\">Revista de Administra\u00e7\u00e3o Contempor\u00e2nea<\/a><\/li><li>\u00a0<a href=\"https:\/\/www.revistas.usp.br\/organicom\">Revista Brasileira de Comunica\u00e7\u00e3o Organizacional e Rela\u00e7\u00f5es P\u00fablicas<\/a><\/li><li>\u00a0<a href=\"http:\/\/www.regepe.org.br\/regepe\/issue\/view\/AHEAD%20OF%20PRINT\">Revista de Empreendedorismo e Gest\u00e3o de Pequenas Empresas<\/a><\/li><li>\u00a0<a href=\"http:\/\/periodicos.unb.br\/index.php\/sust\/issue\/view\/1642\">Sustentabilidade em Debate<\/a><\/li><li>\u00a0<a href=\"https:\/\/lumina.ufjf.emnuvens.com.br\/lumina\/issue\/view\/A%20cidadania%20digital%2C%20o%20net-ativismo%20e%20o%20protagonismo%20dos%20n%C3%A3o%20humanos%3A%20a%20comunidade%20que%20vem\">Lumina<\/a><\/li><li>\u00a0<a href=\"http:\/\/revista.uepb.edu.br\/index.php\/qualitas\/index\">Revista Qualitas<\/a><\/li><li>\u00a0<a href=\"http:\/\/periodicos.ufpb.br\/ojs2\/index.php\/tematica\">Revista Tem\u00e1tica \u2013 Arte, M\u00eddia eInforma\u00e7\u00e3o Digital<\/a><\/li><li>\u00a0<a href=\"https:\/\/bell.unochapeco.edu.br\/revistas\/index.php\/rgo\">Revista Gest\u00e3o Organizacional<\/a><\/li><\/ul>\t\t\t\t\t\t\t\t<\/div>\n\t\t\t\t\t<\/div>\n\t\t\t\t<\/div>\n\t\t\t\t<\/div>\n\t\t","protected":false},"excerpt":{"rendered":"<p>\u00a0Revista Brasileira de Marketing \u00a0Revista Brasileira de Pesquisas de Marketing, Opini\u00e3o e M\u00eddia \u00a0Caderno Profissional de Marketing \u00a0Revista Interdisciplinar de Marketing \u00a0Comunica\u00e7\u00e3o, M\u00eddia e Consumo \u00a0E-COMP\u00d3S \u00a0FAMECOS \u2013 M\u00eddia, Cultura e Tecnologia \u00a0Revista Brasileira de Ci\u00eancias da Comunica\u00e7\u00e3o \u00a0Comunica\u00e7\u00e3o e Inova\u00e7\u00e3o \u00a0Escola Anna Nery Revista Brasileira de Inova\u00e7\u00e3o Cient\u00edfica em Comunica\u00e7\u00e3o \u00a0Advances in Nursing Science&#8230;<\/p>\n","protected":false},"author":1,"featured_media":0,"comment_status":"open","ping_status":"open","sticky":false,"template":"","format":"standard","meta":{"footnotes":""},"categories":[102],"tags":[],"class_list":["post-8935","post","type-post","status-publish","format-standard","hentry","category-periodicos","th-blog blog-single"],"_links":{"self":[{"href":"https:\/\/educaremt.com.br\/web\/wp-json\/wp\/v2\/posts\/8935","targetHints":{"allow":["GET"]}}],"collection":[{"href":"https:\/\/educaremt.com.br\/web\/wp-json\/wp\/v2\/posts"}],"about":[{"href":"https:\/\/educaremt.com.br\/web\/wp-json\/wp\/v2\/types\/post"}],"author":[{"embeddable":true,"href":"https:\/\/educaremt.com.br\/web\/wp-json\/wp\/v2\/users\/1"}],"replies":[{"embeddable":true,"href":"https:\/\/educaremt.com.br\/web\/wp-json\/wp\/v2\/comments?post=8935"}],"version-history":[{"count":4,"href":"https:\/\/educaremt.com.br\/web\/wp-json\/wp\/v2\/posts\/8935\/revisions"}],"predecessor-version":[{"id":8939,"href":"https:\/\/educaremt.com.br\/web\/wp-json\/wp\/v2\/posts\/8935\/revisions\/8939"}],"wp:attachment":[{"href":"https:\/\/educaremt.com.br\/web\/wp-json\/wp\/v2\/media?parent=8935"}],"wp:term":[{"taxonomy":"category","embeddable":true,"href":"https:\/\/educaremt.com.br\/web\/wp-json\/wp\/v2\/categories?post=8935"},{"taxonomy":"post_tag","embeddable":true,"href":"https:\/\/educaremt.com.br\/web\/wp-json\/wp\/v2\/tags?post=8935"}],"curies":[{"name":"wp","href":"https:\/\/api.w.org\/{rel}","templated":true}]}}