{"id":7864,"date":"2024-11-23T09:49:12","date_gmt":"2024-11-23T12:49:12","guid":{"rendered":"https:\/\/educaremt.com.br\/web\/terapia-ocupacional-reorganizacao-sensorial-e-reabilitacao-cognitiva-funcional-4-copy-copy\/"},"modified":"2024-11-23T09:53:21","modified_gmt":"2024-11-23T12:53:21","slug":"inovacao-em-tecnologias-educacionais","status":"publish","type":"post","link":"https:\/\/educaremt.com.br\/web\/inovacao-em-tecnologias-educacionais\/","title":{"rendered":"INOVA\u00c7\u00c3O EM TECNOLOGIAS EDUCACIONAIS"},"content":{"rendered":"\t\t<div data-elementor-type=\"wp-post\" data-elementor-id=\"7864\" class=\"elementor elementor-7864\" data-elementor-post-type=\"post\">\n\t\t\t\t<div class=\"elementor-element elementor-element-76bf6dc e-flex e-con-boxed e-con e-parent\" data-id=\"76bf6dc\" data-element_type=\"container\">\n\t\t\t\t\t<div class=\"e-con-inner\">\n\t\t\r\n\r\n\t\t<div class=\"elementor-element elementor-element-e5bf261 elementor-widget elementor-widget-text-editor\" data-id=\"e5bf261\" data-element_type=\"widget\" data-widget_type=\"text-editor.default\">\n\t\t\t\t\t\t\t\t\tObjetivo:\nCapacitar os alunos a implementar e coordenar projetos educacionais inovadores que utilizem tecnologia, incluindo Educa\u00e7\u00e3o a Dist\u00e2ncia. O Curso de especializa\u00e7\u00e3o (p\u00f3s-gradua\u00e7\u00e3o lato-sensu) em Inova\u00e7\u00e3o em Tecnologias Educacionais \u00e9 focado em t\u00f3picos atuais sobre o uso de tecnologias em educa\u00e7\u00e3o e sobre educa\u00e7\u00e3o a dist\u00e2ncia. As disciplinas combinam atividades interativas e colaborativas, incluindo atividades on-line e encontros presenciais obrigat\u00f3rios, com encontro mensal. O programa tamb\u00e9m combina a explora\u00e7\u00e3o da teoria de ponta sobre essas \u00e1reas com atividades pr\u00e1ticas, de constru\u00e7\u00e3o de objetos e projetos por parte dos alunos.<\/br>\n<\/br>\nP\u00fablico Alvo:\nO curso \u00e9 voltado a pedagogos,e demais licenciados (ou graduados em outras \u00e1reas das ci\u00eancias humanas), professores e coordenadores que desejem compreender melhor e praticar o uso de tecnologias; graduados em Tecnologia (ou \u00e1reas afins) que desejem compreender melhor seus usos pedag\u00f3gicos; todos os interessados no uso de tecnologias em educa\u00e7\u00e3o e em educa\u00e7\u00e3o a dist\u00e2ncia; e interessados em inova\u00e7\u00e3o nessas \u00e1reas.<\/br>\n\n\t\t\t\t\t\t\t\t<\/div>\n\t\t\t\t<div class=\"elementor-element elementor-element-1818cdf elementor-widget elementor-widget-edurafaq\" data-id=\"1818cdf\" data-element_type=\"widget\" data-widget_type=\"edurafaq.default\">\n\t\t\t\t<div class=\"elementor-widget-container\">\n\t\t\t\t\t\r\n\t\t<div class=\"accordion-area accordion\" id=\"faqAccordion1\">\r\n\t\t\t            <div class=\"accordion-card style4\">\r\n            \t                <div class=\"accordion-header\" id=\"collapse-item-69f3c2367ad91\">\r\n                    <button class=\"accordion-button \" type=\"button\" data-bs-toggle=\"collapse\"\r\n                        data-bs-target=\"#collapse-69f3c2367ad91\" aria-expanded=\"true\" aria-controls=\"collapse-69f3c2367ad91\">GRADE CURRICULAR<\/button>\r\n                <\/div>\r\n                                                <div id=\"collapse-69f3c2367ad91\" class=\"accordion-collapse collapse show\"\r\n                    aria-labelledby=\"collapse-item-69f3c2367ad91\" data-bs-parent=\"#faqAccordion1\">\r\n                    <div class=\"accordion-body\">\r\n\t\t\t\t\t\t<p class=\"faq-text\">\n\u2022 AMBIENTA\u00c7\u00c3O EM EDUCA\u00c7\u00c3O A DIST\u00c2NCIA<\/br>\n\u2022 FUNDAMENTOS DE TECNOLOGIA NA EDUCA\u00c7\u00c3O<\/br>\n\u2022 EDUCA\u00c7\u00c3O ABERTA E REDES DE APRENDIZAGEM INTERNET E EDUCA\u00c7\u00c3O<\/br>\n\u2022 MEDIA\u00c7\u00c3O PEDAG\u00d3GICA E TECNOL\u00d3GICA NA EDUCA\u00c7\u00c3O<\/br>\n\u2022 PESQUISA EM INOVA\u00c7\u00c3O E TECNOLOGIA<\/br>\n\u2022 GAMIFICA\u00c7\u00c3O NA EDUCA\u00c7\u00c3O<\/br>\n\u2022 CURADORIA DIGITAL E RECURSOS EDUCACIONAIS ABERTOS<\/br>\n\u2022 TECNOLOGIAS M\u00d3VEIS EM SALA DE AULA<\/br>\n\u2022 REALIDADE AUMENTADA NA EDUCA\u00c7\u00c3O<\/br>\n\u2022 LOUSA DIGITAL NO CONTEXTO EDUCACIONAL<\/br>\n\u2022 MUNDOS VIRTUAIS E WEB 2.0<\/br>\n\u2022 ORIENTA\u00c7\u00c3O DE TCC \u2013 RELAT\u00d3RIO CIENT\u00cdFICO<\/br>\n\u2022 ENTREGA DO RELAT\u00d3RIO CIENT\u00cdFICO<\/br>\n<\/p>\r\n                    <\/div>\r\n                <\/div>\r\n                            <\/div>\r\n                    <\/div>\r\n\r\n    \t\t\t\t<\/div>\n\t\t\t\t<\/div>\n\t\t\t\t\t<\/div>\n\t\t\t\t<\/div>\n\t\t\t\t<\/div>\n\t\t","protected":false},"excerpt":{"rendered":"<p>Objetivo: Capacitar os alunos a implementar e coordenar projetos educacionais inovadores que utilizem tecnologia, incluindo Educa\u00e7\u00e3o a Dist\u00e2ncia. O Curso de especializa\u00e7\u00e3o (p\u00f3s-gradua\u00e7\u00e3o lato-sensu) em Inova\u00e7\u00e3o em Tecnologias Educacionais \u00e9 focado em t\u00f3picos atuais sobre o uso de tecnologias em educa\u00e7\u00e3o e sobre educa\u00e7\u00e3o a dist\u00e2ncia. As disciplinas combinam atividades interativas e colaborativas, incluindo atividades&#8230;<\/p>\n","protected":false},"author":2,"featured_media":7865,"comment_status":"open","ping_status":"open","sticky":false,"template":"","format":"standard","meta":{"footnotes":""},"categories":[96],"tags":[],"class_list":["post-7864","post","type-post","status-publish","format-standard","has-post-thumbnail","hentry","category-area-tecnologia-da-informacao","th-blog blog-single"],"_links":{"self":[{"href":"https:\/\/educaremt.com.br\/web\/wp-json\/wp\/v2\/posts\/7864","targetHints":{"allow":["GET"]}}],"collection":[{"href":"https:\/\/educaremt.com.br\/web\/wp-json\/wp\/v2\/posts"}],"about":[{"href":"https:\/\/educaremt.com.br\/web\/wp-json\/wp\/v2\/types\/post"}],"author":[{"embeddable":true,"href":"https:\/\/educaremt.com.br\/web\/wp-json\/wp\/v2\/users\/2"}],"replies":[{"embeddable":true,"href":"https:\/\/educaremt.com.br\/web\/wp-json\/wp\/v2\/comments?post=7864"}],"version-history":[{"count":4,"href":"https:\/\/educaremt.com.br\/web\/wp-json\/wp\/v2\/posts\/7864\/revisions"}],"predecessor-version":[{"id":7869,"href":"https:\/\/educaremt.com.br\/web\/wp-json\/wp\/v2\/posts\/7864\/revisions\/7869"}],"wp:featuredmedia":[{"embeddable":true,"href":"https:\/\/educaremt.com.br\/web\/wp-json\/wp\/v2\/media\/7865"}],"wp:attachment":[{"href":"https:\/\/educaremt.com.br\/web\/wp-json\/wp\/v2\/media?parent=7864"}],"wp:term":[{"taxonomy":"category","embeddable":true,"href":"https:\/\/educaremt.com.br\/web\/wp-json\/wp\/v2\/categories?post=7864"},{"taxonomy":"post_tag","embeddable":true,"href":"https:\/\/educaremt.com.br\/web\/wp-json\/wp\/v2\/tags?post=7864"}],"curies":[{"name":"wp","href":"https:\/\/api.w.org\/{rel}","templated":true}]}}