{"id":7857,"date":"2024-11-23T09:35:04","date_gmt":"2024-11-23T12:35:04","guid":{"rendered":"https:\/\/educaremt.com.br\/web\/terapia-ocupacional-reorganizacao-sensorial-e-reabilitacao-cognitiva-funcional-4-copy\/"},"modified":"2024-11-23T09:40:50","modified_gmt":"2024-11-23T12:40:50","slug":"terapia-ocupacional-reorganizacao-sensorial-e-reabilitacao-cognitiva-funcional-4-copy","status":"publish","type":"post","link":"https:\/\/educaremt.com.br\/web\/terapia-ocupacional-reorganizacao-sensorial-e-reabilitacao-cognitiva-funcional-4-copy\/","title":{"rendered":"INTELIG\u00caNCIA ARTIFICIAL E EMPREDEDORISMO NA REVOLU\u00c7\u00c3O 4.0( IOT, BIG DATA E IA)"},"content":{"rendered":"\t\t<div data-elementor-type=\"wp-post\" data-elementor-id=\"7857\" class=\"elementor elementor-7857\" data-elementor-post-type=\"post\">\n\t\t\t\t<div class=\"elementor-element elementor-element-76bf6dc e-flex e-con-boxed e-con e-parent\" data-id=\"76bf6dc\" data-element_type=\"container\">\n\t\t\t\t\t<div class=\"e-con-inner\">\n\t\t\r\n\r\n\t\t<div class=\"elementor-element elementor-element-e5bf261 elementor-widget elementor-widget-text-editor\" data-id=\"e5bf261\" data-element_type=\"widget\" data-widget_type=\"text-editor.default\">\n\t\t\t\t\t\t\t\t\tObjetivo:\nTem como principal objetivo inserir e capacitar os profissionais na Ind\u00fastria 4.0, com foco nas pr\u00e1ticas de ferramentas nas \u00e1reas de IoT, Big Data, Intelig\u00eancia Artificial (IA), voltadas para inova\u00e7\u00e3o e empreendedorismo. \u00e9 um projeto inovador e vision\u00e1rio e foi concebido para apresentar pr\u00e1ticas e ferramentas capazes de conectar os itens usados do dia a dia \u00e0 rede mundial de computadores. Devidamente conectado ao mercado atual, nosso Curso de Intelig\u00eancia Artificial e Empreendedorismo na Revolu\u00e7\u00e3o 4.0 (IOT, BIG DATA E IA) tem um corpo docente composto de profissionais que trazem a vis\u00e3o acad\u00eamica e a pr\u00e1tica de neg\u00f3cios e para isso conta com 20h dedicadas ao nivelamento da turma, 60h de conte\u00fado volto a introdu\u00e7\u00e3o \u00e0 Internet das Coisas e Ind\u00fastria 4.0, Introdu\u00e7\u00e3o \u00e0 Aprendizado de M\u00e1quina e Introdu\u00e7\u00e3o \u00e0 Programa\u00e7\u00e3o para Machine Learning. A proposta do curso, tem como principal justificativa preencher a lacuna no mercado brasileiro de profissionais capacitados nas \u00e1reas citadas e profissionais que desejam empreender no \u00e2mbito das startups.<\/br>\n<\/br>\nP\u00fablico Alvo:\nProfissionais graduados em Engenharia, Agronomia, Arquitetura, Design, Administra\u00e7\u00e3o, Tecnologia, Medicina, Direito, Tecnologia da Informa\u00e7\u00e3o, Ci\u00eancias da Computa\u00e7\u00e3o. Qualquer profissional graduado com interesse em Internet das Coisas, Ind\u00fastria 4.0 e Intelig\u00eancia Artificial aplicadas em neg\u00f3cios e empreendedorismo.<\/br>\n\n\t\t\t\t\t\t\t\t<\/div>\n\t\t\t\t<div class=\"elementor-element elementor-element-1818cdf elementor-widget elementor-widget-edurafaq\" data-id=\"1818cdf\" data-element_type=\"widget\" data-widget_type=\"edurafaq.default\">\n\t\t\t\t<div class=\"elementor-widget-container\">\n\t\t\t\t\t\r\n\t\t<div class=\"accordion-area accordion\" id=\"faqAccordion1\">\r\n\t\t\t            <div class=\"accordion-card style4\">\r\n            \t                <div class=\"accordion-header\" id=\"collapse-item-69f3c017c1314\">\r\n                    <button class=\"accordion-button \" type=\"button\" data-bs-toggle=\"collapse\"\r\n                        data-bs-target=\"#collapse-69f3c017c1314\" aria-expanded=\"true\" aria-controls=\"collapse-69f3c017c1314\">GRADE CURRICULAR<\/button>\r\n                <\/div>\r\n                                                <div id=\"collapse-69f3c017c1314\" class=\"accordion-collapse collapse show\"\r\n                    aria-labelledby=\"collapse-item-69f3c017c1314\" data-bs-parent=\"#faqAccordion1\">\r\n                    <div class=\"accordion-body\">\r\n\t\t\t\t\t\t<p class=\"faq-text\">\n\u2022 INTERNET DAS COISAS E IND\u00daSTRIA 4.0<\/br>\n\u2022 M\u00d3DULO DE NIVELAMENTO<\/br>\n\u2022 PROGRAMA\u00c7\u00c3O EMBARCADA E AQUISI\u00c7\u00c3O DE DADOS<\/br>\n\u2022 AQUISI\u00c7\u00c3O DE DADOS UTILIZANDO INTERNET DAS COISAS<\/br>\n\u2022 AQUISI\u00c7\u00c3O EM REDES SOCIAIS E T\u00c9CNICAS DE WEB CRAWLER<\/br>\n\u2022 SMART CITIES<\/br>\n\u2022 IMERS\u00c3O (HACK WEEKEND I)<\/br>\n\u2022 INTRODU\u00c7\u00c3O \u00c0 APRENDIZADO DE M\u00c1QUINA<\/br>\n\u2022 INTRODU\u00c7\u00c3O \u00c0 PROGRAMA\u00c7\u00c3O PARA MACHINE LEARNING<\/br>\n\u2022 A ERA DOS DADOS<\/br>\n\u2022 FERRAMENTAS<\/br>\n\u2022 M\u00c9TODOS: PARTE 1 (ORIENTADO A APLICA\u00c7\u00c3O)<\/br>\n\u2022 M\u00c9TODOS: PARTE 2 (ORIENTADO A APLICA\u00c7\u00c3O)<\/br>\n\u2022 IMERS\u00c3O (HACK WEEKEND II)<\/br>\n\u2022 DESENVOLVIMENTO DE PRODUTO<\/br>\n\u2022 DESIGN THINKING: UMA ABORDAGEM PARA PROCESSOS DE INOVA\u00c7\u00c3O A PARTIR DA CRIATIVIDADE ESTRUTURADA<\/br>\n\u2022 GEST\u00c3O DA INOVA\u00c7\u00c3O<\/br>\n\u2022 ESTUDOS DE CASOS E IMERS\u00c3O (HACK WEEKEND III)<\/br>\n\u2022 EMPREENDEDORISMO<\/br>\n\u2022 HANDS ON<\/br>\n\u2022 ORIENTA\u00c7\u00c3O DE TCC \u2013 RELAT\u00d3RIO CIENT\u00cdFICO<\/br>\n\u2022 ENTREGA DO RELAT\u00d3RIO CIENT\u00cdFICO<\/br>\n<\/p>\r\n                    <\/div>\r\n                <\/div>\r\n                            <\/div>\r\n                    <\/div>\r\n\r\n    \t\t\t\t<\/div>\n\t\t\t\t<\/div>\n\t\t\t\t\t<\/div>\n\t\t\t\t<\/div>\n\t\t\t\t<\/div>\n\t\t","protected":false},"excerpt":{"rendered":"<p>Objetivo: Tem como principal objetivo inserir e capacitar os profissionais na Ind\u00fastria 4.0, com foco nas pr\u00e1ticas de ferramentas nas \u00e1reas de IoT, Big Data, Intelig\u00eancia Artificial (IA), voltadas para inova\u00e7\u00e3o e empreendedorismo. \u00e9 um projeto inovador e vision\u00e1rio e foi concebido para apresentar pr\u00e1ticas e ferramentas capazes de conectar os itens usados do dia&#8230;<\/p>\n","protected":false},"author":2,"featured_media":7859,"comment_status":"open","ping_status":"open","sticky":false,"template":"","format":"standard","meta":{"footnotes":""},"categories":[96],"tags":[],"class_list":["post-7857","post","type-post","status-publish","format-standard","has-post-thumbnail","hentry","category-area-tecnologia-da-informacao","th-blog blog-single"],"_links":{"self":[{"href":"https:\/\/educaremt.com.br\/web\/wp-json\/wp\/v2\/posts\/7857","targetHints":{"allow":["GET"]}}],"collection":[{"href":"https:\/\/educaremt.com.br\/web\/wp-json\/wp\/v2\/posts"}],"about":[{"href":"https:\/\/educaremt.com.br\/web\/wp-json\/wp\/v2\/types\/post"}],"author":[{"embeddable":true,"href":"https:\/\/educaremt.com.br\/web\/wp-json\/wp\/v2\/users\/2"}],"replies":[{"embeddable":true,"href":"https:\/\/educaremt.com.br\/web\/wp-json\/wp\/v2\/comments?post=7857"}],"version-history":[{"count":4,"href":"https:\/\/educaremt.com.br\/web\/wp-json\/wp\/v2\/posts\/7857\/revisions"}],"predecessor-version":[{"id":7863,"href":"https:\/\/educaremt.com.br\/web\/wp-json\/wp\/v2\/posts\/7857\/revisions\/7863"}],"wp:featuredmedia":[{"embeddable":true,"href":"https:\/\/educaremt.com.br\/web\/wp-json\/wp\/v2\/media\/7859"}],"wp:attachment":[{"href":"https:\/\/educaremt.com.br\/web\/wp-json\/wp\/v2\/media?parent=7857"}],"wp:term":[{"taxonomy":"category","embeddable":true,"href":"https:\/\/educaremt.com.br\/web\/wp-json\/wp\/v2\/categories?post=7857"},{"taxonomy":"post_tag","embeddable":true,"href":"https:\/\/educaremt.com.br\/web\/wp-json\/wp\/v2\/tags?post=7857"}],"curies":[{"name":"wp","href":"https:\/\/api.w.org\/{rel}","templated":true}]}}